{"id":3499,"date":"2023-02-02T20:48:36","date_gmt":"2023-02-02T20:48:36","guid":{"rendered":"https:\/\/somagoldcorp.com\/uncategorized-es-co\/soma-incorpora-a-mark-bren-como-nuevo-vicepresidente-de-operaciones\/"},"modified":"2023-02-02T20:48:36","modified_gmt":"2023-02-02T20:48:36","slug":"soma-incorpora-a-mark-bren-como-nuevo-vicepresidente-de-operaciones","status":"publish","type":"post","link":"https:\/\/somagoldcorp.com\/es-co\/2023-es-co\/soma-incorpora-a-mark-bren-como-nuevo-vicepresidente-de-operaciones\/","title":{"rendered":"Soma incorpora a Mark Bren como nuevo Vicepresidente de Operaciones"},"content":{"rendered":"<p><strong>2 de febrero de 2023, Vancouver, Columbia Brit\u00e1nica, &#8211;<\/strong> Soma Gold Corp. (TSXV: SOMA) (WKN: A2P4DU) (OTC: SMAGF) (la &#8220;Empresa&#8221; o &#8220;Soma&#8221;) se complace en anunciar que Mark J. Bren se ha incorporado a la Empresa en calidad de Vicepresidente de Operaciones, a partir del 1 de febrero de 2023. El Sr. Bren aporta a Soma un nivel avanzado de experiencia t\u00e9cnica minera y operativa, y su nombramiento llena un vac\u00edo en la estructura directiva de la empresa.<\/p>\n<p>El Sr. Bren ha trabajado anteriormente con varios miembros del equipo de alta direcci\u00f3n, donde su experiencia, \u00e9tica de trabajo y enfoque directo fueron apreciados por el equipo ejecutivo y el Consejo de Administraci\u00f3n.<\/p>\n<p>El Sr. Bren estudi\u00f3 Silvicultura y Administraci\u00f3n de Empresas en la Universidad de Montana de 1987 a 1988. En 1994 se licenci\u00f3 en Ingenier\u00eda de Minas por el Montana College of Mineral Science and Technology de Butte, Montana. Ha realizado numerosos cursos de formaci\u00f3n continua sobre temas relacionados con el dise\u00f1o, la gesti\u00f3n y la ampliaci\u00f3n de las minas de la empresa en Colombia, como seguridad minera, hormig\u00f3n proyectado para sostenimiento subterr\u00e1neo, ventilaci\u00f3n de minas y tecnolog\u00eda de relleno.<\/p>\n<p>El Sr. Bren tambi\u00e9n es miembro de las siguientes asociaciones<\/p>\n<ul>\n<li>Sociedad de Miner\u00eda, Metalurgia y Exploraci\u00f3n Incorporada<\/li>\n<li>Secci\u00f3n Coeur d&#8217;Alene de la SME<\/li>\n<li>Asociaci\u00f3n Minera del Noroeste<\/li>\n<\/ul>\n<p>Javier C\u00f3rdova, Presidente y Director General, afirma: &#8220;Estamos encantados de incorporar a un profesional experimentado como Mark a nuestro equipo directivo. Ahora que nuestra Mina Cordero est\u00e1 en Producci\u00f3n Comercial, nos centraremos en la optimizaci\u00f3n del m\u00e9todo de extracci\u00f3n y la producci\u00f3n de la mina. Nuestro objetivo es aumentar la producci\u00f3n de la mina Cordero de los 400 TPD actuales a 700 TPD a mediados de 2023 para justificar la puesta en marcha del molino El Lim\u00f3n, que actualmente se encuentra en fase de cuidado y mantenimiento. El equipo de operaciones colombiano depender\u00e1 directamente de Mark. Su experiencia y conocimientos contribuir\u00e1n en gran medida a la gesti\u00f3n de las operaciones mineras y a la evaluaci\u00f3n de posibles nuevas tecnolog\u00edas y m\u00e9todos, incluida la mecanizaci\u00f3n adicional, la aplicaci\u00f3n de hormig\u00f3n proyectado y la aplicaci\u00f3n de protocolos de seguridad mejorados. Estamos muy satisfechos de incorporar a Mark al equipo&#8221;.<\/p>\n<p>El Sr. Bren recibir\u00e1 200.000 opciones sobre acciones de Soma como parte de su indemnizaci\u00f3n.<\/p>\n<p><strong>SOBRE SOMA GOLD<\/strong><\/p>\n<p>Soma Gold Corp. (TSXV: SOMA) es una empresa minera centrada en la producci\u00f3n y exploraci\u00f3n de oro. La Compa\u00f1\u00eda posee dos propiedades mineras adyacentes en Antioquia, Colombia, con una capacidad combinada de molienda de 675 tpd. (Permitido para 1.400 tpd). La f\u00e1brica de El Bagre est\u00e1 actualmente en funcionamiento y produciendo. Los fondos generados internamente se utilizan para financiar un programa de exploraci\u00f3n regional.<\/p>\n<p>La empresa tambi\u00e9n posee una propiedad de exploraci\u00f3n cerca de Tucuma, estado de Par\u00e1, Brasil, que actualmente est\u00e1 bajo opci\u00f3n de Ero Copper Corp.<\/p>\n<p>En nombre del Consejo de Administraci\u00f3n<br \/>\n<em>&#8220;Javier C\u00f3rdova Unda<\/em>&#8221; <em><br \/>\n Consejero Delegado y Presidente<\/em><\/p>\n<p>Para m\u00e1s informaci\u00f3n, ponte en contacto con Andrea Laird, tel\u00e9fono +1-604-259-0302<\/p>\n<p><em>Ni la TSX Venture Exchange ni su Proveedor de Servicios de Regulaci\u00f3n (tal como se define este t\u00e9rmino en las pol\u00edticas de la TSX Venture Exchange) aceptan responsabilidad alguna por la adecuaci\u00f3n o exactitud de este comunicado.<\/em><\/p>\n<p>Todas las declaraciones, an\u00e1lisis y dem\u00e1s informaci\u00f3n contenida en este comunicado de prensa sobre acontecimientos o resultados futuros previstos constituyen declaraciones prospectivas. Las declaraciones prospectivas se identifican a menudo, pero no siempre, por el uso de palabras como &#8220;buscar&#8221;, &#8220;prever&#8221;, &#8220;creer&#8221;, &#8220;planificar&#8221;, &#8220;estimar&#8221;, &#8220;esperar&#8221; y &#8220;pretender&#8221; y declaraciones de que un acontecimiento o resultado &#8220;puede&#8221;, &#8220;ser\u00e1&#8221;, &#8220;deber\u00eda&#8221;, &#8220;podr\u00eda&#8221; o &#8220;podr\u00eda&#8221; producirse o alcanzarse y otras expresiones similares. Las declaraciones prospectivas est\u00e1n sujetas a riesgos e incertidumbres empresariales y econ\u00f3micos y a otros factores que podr\u00edan hacer que los resultados reales de las operaciones difirieran materialmente de los contenidos en las declaraciones prospectivas. Las declaraciones prospectivas se basan en estimaciones y opiniones de la direcci\u00f3n en la fecha en que se realizan. La Empresa no asume ninguna obligaci\u00f3n de actualizar las declaraciones prospectivas aunque cambien las circunstancias o las estimaciones u opiniones de la direcci\u00f3n, salvo que lo exija la legislaci\u00f3n aplicable. Los inversores no deben confiar indebidamente en las declaraciones prospectivas.<\/p>\n","protected":false},"excerpt":{"rendered":"<p>2 de febrero de 2023, Vancouver, Columbia Brit\u00e1nica, &#8211; Soma [&#8230;]<\/p>\n","protected":false},"author":1,"featured_media":3235,"comment_status":"open","ping_status":"open","sticky":false,"template":"","format":"standard","meta":{"footnotes":""},"categories":[35],"tags":[],"class_list":["post-3499","post","type-post","status-publish","format-standard","has-post-thumbnail","hentry","category-2023-es-co"],"yoast_head":"<!-- This site is optimized with the Yoast SEO plugin v27.4 - https:\/\/yoast.com\/product\/yoast-seo-wordpress\/ -->\n<title>Soma incorpora a Mark Bren como nuevo Vicepresidente de Operaciones - Soma Gold Corp<\/title>\n<meta name=\"robots\" content=\"index, follow, max-snippet:-1, max-image-preview:large, max-video-preview:-1\" \/>\n<link rel=\"canonical\" href=\"https:\/\/somagoldcorp.com\/es-co\/2023-es-co\/soma-incorpora-a-mark-bren-como-nuevo-vicepresidente-de-operaciones\/\" \/>\n<meta property=\"og:locale\" content=\"es_ES\" \/>\n<meta property=\"og:type\" content=\"article\" \/>\n<meta property=\"og:title\" content=\"Soma incorpora a Mark Bren como nuevo Vicepresidente de Operaciones - Soma Gold Corp\" \/>\n<meta property=\"og:description\" content=\"2 de febrero de 2023, Vancouver, Columbia Brit\u00e1nica, &#8211; Soma [...]\" \/>\n<meta property=\"og:url\" content=\"https:\/\/somagoldcorp.com\/es-co\/2023-es-co\/soma-incorpora-a-mark-bren-como-nuevo-vicepresidente-de-operaciones\/\" \/>\n<meta property=\"og:site_name\" content=\"Soma Gold Corp\" \/>\n<meta property=\"article:publisher\" content=\"https:\/\/www.facebook.com\/somagoldcorp\" \/>\n<meta property=\"article:published_time\" content=\"2023-02-02T20:48:36+00:00\" \/>\n<meta property=\"og:image\" content=\"https:\/\/somagoldcorp.com\/wp-content\/uploads\/2023\/01\/blog-tile.png\" \/>\n\t<meta property=\"og:image:width\" content=\"1200\" \/>\n\t<meta property=\"og:image:height\" content=\"800\" \/>\n\t<meta property=\"og:image:type\" content=\"image\/png\" \/>\n<meta name=\"author\" content=\"kostrategy\" \/>\n<meta name=\"twitter:card\" content=\"summary_large_image\" \/>\n<meta name=\"twitter:creator\" content=\"@SomaGoldCorp\" \/>\n<meta name=\"twitter:site\" content=\"@SomaGoldCorp\" \/>\n<meta name=\"twitter:label1\" content=\"Escrito por\" \/>\n\t<meta name=\"twitter:data1\" content=\"kostrategy\" \/>\n\t<meta name=\"twitter:label2\" content=\"Tiempo de lectura\" \/>\n\t<meta name=\"twitter:data2\" content=\"4 minutos\" \/>\n<script type=\"application\/ld+json\" class=\"yoast-schema-graph\">{\"@context\":\"https:\\\/\\\/schema.org\",\"@graph\":[{\"@type\":\"Article\",\"@id\":\"https:\\\/\\\/somagoldcorp.com\\\/es-co\\\/2023-es-co\\\/soma-incorpora-a-mark-bren-como-nuevo-vicepresidente-de-operaciones\\\/#article\",\"isPartOf\":{\"@id\":\"https:\\\/\\\/somagoldcorp.com\\\/es-co\\\/2023-es-co\\\/soma-incorpora-a-mark-bren-como-nuevo-vicepresidente-de-operaciones\\\/\"},\"author\":{\"name\":\"kostrategy\",\"@id\":\"https:\\\/\\\/somagoldcorp.com\\\/#\\\/schema\\\/person\\\/98eb5d5bd5e3e88eab05bcaa5bf31985\"},\"headline\":\"Soma incorpora a Mark Bren como nuevo Vicepresidente de Operaciones\",\"datePublished\":\"2023-02-02T20:48:36+00:00\",\"mainEntityOfPage\":{\"@id\":\"https:\\\/\\\/somagoldcorp.com\\\/es-co\\\/2023-es-co\\\/soma-incorpora-a-mark-bren-como-nuevo-vicepresidente-de-operaciones\\\/\"},\"wordCount\":763,\"commentCount\":0,\"publisher\":{\"@id\":\"https:\\\/\\\/somagoldcorp.com\\\/#organization\"},\"image\":{\"@id\":\"https:\\\/\\\/somagoldcorp.com\\\/es-co\\\/2023-es-co\\\/soma-incorpora-a-mark-bren-como-nuevo-vicepresidente-de-operaciones\\\/#primaryimage\"},\"thumbnailUrl\":\"https:\\\/\\\/somagoldcorp.com\\\/wp-content\\\/uploads\\\/2023\\\/01\\\/blog-tile.png\",\"articleSection\":[\"2023\"],\"inLanguage\":\"es-CO\",\"potentialAction\":[{\"@type\":\"CommentAction\",\"name\":\"Comment\",\"target\":[\"https:\\\/\\\/somagoldcorp.com\\\/es-co\\\/2023-es-co\\\/soma-incorpora-a-mark-bren-como-nuevo-vicepresidente-de-operaciones\\\/#respond\"]}]},{\"@type\":\"WebPage\",\"@id\":\"https:\\\/\\\/somagoldcorp.com\\\/es-co\\\/2023-es-co\\\/soma-incorpora-a-mark-bren-como-nuevo-vicepresidente-de-operaciones\\\/\",\"url\":\"https:\\\/\\\/somagoldcorp.com\\\/es-co\\\/2023-es-co\\\/soma-incorpora-a-mark-bren-como-nuevo-vicepresidente-de-operaciones\\\/\",\"name\":\"Soma incorpora a Mark Bren como nuevo Vicepresidente de Operaciones - Soma Gold Corp\",\"isPartOf\":{\"@id\":\"https:\\\/\\\/somagoldcorp.com\\\/#website\"},\"primaryImageOfPage\":{\"@id\":\"https:\\\/\\\/somagoldcorp.com\\\/es-co\\\/2023-es-co\\\/soma-incorpora-a-mark-bren-como-nuevo-vicepresidente-de-operaciones\\\/#primaryimage\"},\"image\":{\"@id\":\"https:\\\/\\\/somagoldcorp.com\\\/es-co\\\/2023-es-co\\\/soma-incorpora-a-mark-bren-como-nuevo-vicepresidente-de-operaciones\\\/#primaryimage\"},\"thumbnailUrl\":\"https:\\\/\\\/somagoldcorp.com\\\/wp-content\\\/uploads\\\/2023\\\/01\\\/blog-tile.png\",\"datePublished\":\"2023-02-02T20:48:36+00:00\",\"breadcrumb\":{\"@id\":\"https:\\\/\\\/somagoldcorp.com\\\/es-co\\\/2023-es-co\\\/soma-incorpora-a-mark-bren-como-nuevo-vicepresidente-de-operaciones\\\/#breadcrumb\"},\"inLanguage\":\"es-CO\",\"potentialAction\":[{\"@type\":\"ReadAction\",\"target\":[\"https:\\\/\\\/somagoldcorp.com\\\/es-co\\\/2023-es-co\\\/soma-incorpora-a-mark-bren-como-nuevo-vicepresidente-de-operaciones\\\/\"]}]},{\"@type\":\"ImageObject\",\"inLanguage\":\"es-CO\",\"@id\":\"https:\\\/\\\/somagoldcorp.com\\\/es-co\\\/2023-es-co\\\/soma-incorpora-a-mark-bren-como-nuevo-vicepresidente-de-operaciones\\\/#primaryimage\",\"url\":\"https:\\\/\\\/somagoldcorp.com\\\/wp-content\\\/uploads\\\/2023\\\/01\\\/blog-tile.png\",\"contentUrl\":\"https:\\\/\\\/somagoldcorp.com\\\/wp-content\\\/uploads\\\/2023\\\/01\\\/blog-tile.png\",\"width\":1200,\"height\":800},{\"@type\":\"BreadcrumbList\",\"@id\":\"https:\\\/\\\/somagoldcorp.com\\\/es-co\\\/2023-es-co\\\/soma-incorpora-a-mark-bren-como-nuevo-vicepresidente-de-operaciones\\\/#breadcrumb\",\"itemListElement\":[{\"@type\":\"ListItem\",\"position\":1,\"name\":\"Home\",\"item\":\"https:\\\/\\\/somagoldcorp.com\\\/es-co\\\/soma-gold-inicio\\\/\"},{\"@type\":\"ListItem\",\"position\":2,\"name\":\"Soma incorpora a Mark Bren como nuevo Vicepresidente de Operaciones\"}]},{\"@type\":\"WebSite\",\"@id\":\"https:\\\/\\\/somagoldcorp.com\\\/#website\",\"url\":\"https:\\\/\\\/somagoldcorp.com\\\/\",\"name\":\"Soma Gold Corp\",\"description\":\"\",\"publisher\":{\"@id\":\"https:\\\/\\\/somagoldcorp.com\\\/#organization\"},\"potentialAction\":[{\"@type\":\"SearchAction\",\"target\":{\"@type\":\"EntryPoint\",\"urlTemplate\":\"https:\\\/\\\/somagoldcorp.com\\\/?s={search_term_string}\"},\"query-input\":{\"@type\":\"PropertyValueSpecification\",\"valueRequired\":true,\"valueName\":\"search_term_string\"}}],\"inLanguage\":\"es-CO\"},{\"@type\":\"Organization\",\"@id\":\"https:\\\/\\\/somagoldcorp.com\\\/#organization\",\"name\":\"Soma Gold Corp\",\"url\":\"https:\\\/\\\/somagoldcorp.com\\\/\",\"logo\":{\"@type\":\"ImageObject\",\"inLanguage\":\"es-CO\",\"@id\":\"https:\\\/\\\/somagoldcorp.com\\\/#\\\/schema\\\/logo\\\/image\\\/\",\"url\":\"https:\\\/\\\/somagoldcorp.com\\\/wp-content\\\/uploads\\\/2023\\\/06\\\/logo-white.png\",\"contentUrl\":\"https:\\\/\\\/somagoldcorp.com\\\/wp-content\\\/uploads\\\/2023\\\/06\\\/logo-white.png\",\"width\":2450,\"height\":525,\"caption\":\"Soma Gold Corp\"},\"image\":{\"@id\":\"https:\\\/\\\/somagoldcorp.com\\\/#\\\/schema\\\/logo\\\/image\\\/\"},\"sameAs\":[\"https:\\\/\\\/www.facebook.com\\\/somagoldcorp\",\"https:\\\/\\\/x.com\\\/SomaGoldCorp\",\"https:\\\/\\\/www.instagram.com\\\/soma_gold_corp\\\/\",\"https:\\\/\\\/www.linkedin.com\\\/company\\\/soma-gold-corp\\\/\"]},{\"@type\":\"Person\",\"@id\":\"https:\\\/\\\/somagoldcorp.com\\\/#\\\/schema\\\/person\\\/98eb5d5bd5e3e88eab05bcaa5bf31985\",\"name\":\"kostrategy\",\"image\":{\"@type\":\"ImageObject\",\"inLanguage\":\"es-CO\",\"@id\":\"https:\\\/\\\/secure.gravatar.com\\\/avatar\\\/c56be86e35d656d93320a067434a8cf3d8d55c477f226fda2b71a3aa769d8ff1?s=96&d=mm&r=g\",\"url\":\"https:\\\/\\\/secure.gravatar.com\\\/avatar\\\/c56be86e35d656d93320a067434a8cf3d8d55c477f226fda2b71a3aa769d8ff1?s=96&d=mm&r=g\",\"contentUrl\":\"https:\\\/\\\/secure.gravatar.com\\\/avatar\\\/c56be86e35d656d93320a067434a8cf3d8d55c477f226fda2b71a3aa769d8ff1?s=96&d=mm&r=g\",\"caption\":\"kostrategy\"},\"sameAs\":[\"https:\\\/\\\/somagoldcorp.com\"],\"url\":\"https:\\\/\\\/somagoldcorp.com\\\/es-co\\\/author\\\/kostrategy\\\/\"}]}<\/script>\n<!-- \/ Yoast SEO plugin. -->","yoast_head_json":{"title":"Soma incorpora a Mark Bren como nuevo Vicepresidente de Operaciones - Soma Gold Corp","robots":{"index":"index","follow":"follow","max-snippet":"max-snippet:-1","max-image-preview":"max-image-preview:large","max-video-preview":"max-video-preview:-1"},"canonical":"https:\/\/somagoldcorp.com\/es-co\/2023-es-co\/soma-incorpora-a-mark-bren-como-nuevo-vicepresidente-de-operaciones\/","og_locale":"es_ES","og_type":"article","og_title":"Soma incorpora a Mark Bren como nuevo Vicepresidente de Operaciones - Soma Gold Corp","og_description":"2 de febrero de 2023, Vancouver, Columbia Brit\u00e1nica, &#8211; Soma [...]","og_url":"https:\/\/somagoldcorp.com\/es-co\/2023-es-co\/soma-incorpora-a-mark-bren-como-nuevo-vicepresidente-de-operaciones\/","og_site_name":"Soma Gold Corp","article_publisher":"https:\/\/www.facebook.com\/somagoldcorp","article_published_time":"2023-02-02T20:48:36+00:00","og_image":[{"width":1200,"height":800,"url":"https:\/\/somagoldcorp.com\/wp-content\/uploads\/2023\/01\/blog-tile.png","type":"image\/png"}],"author":"kostrategy","twitter_card":"summary_large_image","twitter_creator":"@SomaGoldCorp","twitter_site":"@SomaGoldCorp","twitter_misc":{"Escrito por":"kostrategy","Tiempo de lectura":"4 minutos"},"schema":{"@context":"https:\/\/schema.org","@graph":[{"@type":"Article","@id":"https:\/\/somagoldcorp.com\/es-co\/2023-es-co\/soma-incorpora-a-mark-bren-como-nuevo-vicepresidente-de-operaciones\/#article","isPartOf":{"@id":"https:\/\/somagoldcorp.com\/es-co\/2023-es-co\/soma-incorpora-a-mark-bren-como-nuevo-vicepresidente-de-operaciones\/"},"author":{"name":"kostrategy","@id":"https:\/\/somagoldcorp.com\/#\/schema\/person\/98eb5d5bd5e3e88eab05bcaa5bf31985"},"headline":"Soma incorpora a Mark Bren como nuevo Vicepresidente de Operaciones","datePublished":"2023-02-02T20:48:36+00:00","mainEntityOfPage":{"@id":"https:\/\/somagoldcorp.com\/es-co\/2023-es-co\/soma-incorpora-a-mark-bren-como-nuevo-vicepresidente-de-operaciones\/"},"wordCount":763,"commentCount":0,"publisher":{"@id":"https:\/\/somagoldcorp.com\/#organization"},"image":{"@id":"https:\/\/somagoldcorp.com\/es-co\/2023-es-co\/soma-incorpora-a-mark-bren-como-nuevo-vicepresidente-de-operaciones\/#primaryimage"},"thumbnailUrl":"https:\/\/somagoldcorp.com\/wp-content\/uploads\/2023\/01\/blog-tile.png","articleSection":["2023"],"inLanguage":"es-CO","potentialAction":[{"@type":"CommentAction","name":"Comment","target":["https:\/\/somagoldcorp.com\/es-co\/2023-es-co\/soma-incorpora-a-mark-bren-como-nuevo-vicepresidente-de-operaciones\/#respond"]}]},{"@type":"WebPage","@id":"https:\/\/somagoldcorp.com\/es-co\/2023-es-co\/soma-incorpora-a-mark-bren-como-nuevo-vicepresidente-de-operaciones\/","url":"https:\/\/somagoldcorp.com\/es-co\/2023-es-co\/soma-incorpora-a-mark-bren-como-nuevo-vicepresidente-de-operaciones\/","name":"Soma incorpora a Mark Bren como nuevo Vicepresidente de Operaciones - Soma Gold Corp","isPartOf":{"@id":"https:\/\/somagoldcorp.com\/#website"},"primaryImageOfPage":{"@id":"https:\/\/somagoldcorp.com\/es-co\/2023-es-co\/soma-incorpora-a-mark-bren-como-nuevo-vicepresidente-de-operaciones\/#primaryimage"},"image":{"@id":"https:\/\/somagoldcorp.com\/es-co\/2023-es-co\/soma-incorpora-a-mark-bren-como-nuevo-vicepresidente-de-operaciones\/#primaryimage"},"thumbnailUrl":"https:\/\/somagoldcorp.com\/wp-content\/uploads\/2023\/01\/blog-tile.png","datePublished":"2023-02-02T20:48:36+00:00","breadcrumb":{"@id":"https:\/\/somagoldcorp.com\/es-co\/2023-es-co\/soma-incorpora-a-mark-bren-como-nuevo-vicepresidente-de-operaciones\/#breadcrumb"},"inLanguage":"es-CO","potentialAction":[{"@type":"ReadAction","target":["https:\/\/somagoldcorp.com\/es-co\/2023-es-co\/soma-incorpora-a-mark-bren-como-nuevo-vicepresidente-de-operaciones\/"]}]},{"@type":"ImageObject","inLanguage":"es-CO","@id":"https:\/\/somagoldcorp.com\/es-co\/2023-es-co\/soma-incorpora-a-mark-bren-como-nuevo-vicepresidente-de-operaciones\/#primaryimage","url":"https:\/\/somagoldcorp.com\/wp-content\/uploads\/2023\/01\/blog-tile.png","contentUrl":"https:\/\/somagoldcorp.com\/wp-content\/uploads\/2023\/01\/blog-tile.png","width":1200,"height":800},{"@type":"BreadcrumbList","@id":"https:\/\/somagoldcorp.com\/es-co\/2023-es-co\/soma-incorpora-a-mark-bren-como-nuevo-vicepresidente-de-operaciones\/#breadcrumb","itemListElement":[{"@type":"ListItem","position":1,"name":"Home","item":"https:\/\/somagoldcorp.com\/es-co\/soma-gold-inicio\/"},{"@type":"ListItem","position":2,"name":"Soma incorpora a Mark Bren como nuevo Vicepresidente de Operaciones"}]},{"@type":"WebSite","@id":"https:\/\/somagoldcorp.com\/#website","url":"https:\/\/somagoldcorp.com\/","name":"Soma Gold Corp","description":"","publisher":{"@id":"https:\/\/somagoldcorp.com\/#organization"},"potentialAction":[{"@type":"SearchAction","target":{"@type":"EntryPoint","urlTemplate":"https:\/\/somagoldcorp.com\/?s={search_term_string}"},"query-input":{"@type":"PropertyValueSpecification","valueRequired":true,"valueName":"search_term_string"}}],"inLanguage":"es-CO"},{"@type":"Organization","@id":"https:\/\/somagoldcorp.com\/#organization","name":"Soma Gold Corp","url":"https:\/\/somagoldcorp.com\/","logo":{"@type":"ImageObject","inLanguage":"es-CO","@id":"https:\/\/somagoldcorp.com\/#\/schema\/logo\/image\/","url":"https:\/\/somagoldcorp.com\/wp-content\/uploads\/2023\/06\/logo-white.png","contentUrl":"https:\/\/somagoldcorp.com\/wp-content\/uploads\/2023\/06\/logo-white.png","width":2450,"height":525,"caption":"Soma Gold Corp"},"image":{"@id":"https:\/\/somagoldcorp.com\/#\/schema\/logo\/image\/"},"sameAs":["https:\/\/www.facebook.com\/somagoldcorp","https:\/\/x.com\/SomaGoldCorp","https:\/\/www.instagram.com\/soma_gold_corp\/","https:\/\/www.linkedin.com\/company\/soma-gold-corp\/"]},{"@type":"Person","@id":"https:\/\/somagoldcorp.com\/#\/schema\/person\/98eb5d5bd5e3e88eab05bcaa5bf31985","name":"kostrategy","image":{"@type":"ImageObject","inLanguage":"es-CO","@id":"https:\/\/secure.gravatar.com\/avatar\/c56be86e35d656d93320a067434a8cf3d8d55c477f226fda2b71a3aa769d8ff1?s=96&d=mm&r=g","url":"https:\/\/secure.gravatar.com\/avatar\/c56be86e35d656d93320a067434a8cf3d8d55c477f226fda2b71a3aa769d8ff1?s=96&d=mm&r=g","contentUrl":"https:\/\/secure.gravatar.com\/avatar\/c56be86e35d656d93320a067434a8cf3d8d55c477f226fda2b71a3aa769d8ff1?s=96&d=mm&r=g","caption":"kostrategy"},"sameAs":["https:\/\/somagoldcorp.com"],"url":"https:\/\/somagoldcorp.com\/es-co\/author\/kostrategy\/"}]}},"_links":{"self":[{"href":"https:\/\/somagoldcorp.com\/es-co\/wp-json\/wp\/v2\/posts\/3499","targetHints":{"allow":["GET"]}}],"collection":[{"href":"https:\/\/somagoldcorp.com\/es-co\/wp-json\/wp\/v2\/posts"}],"about":[{"href":"https:\/\/somagoldcorp.com\/es-co\/wp-json\/wp\/v2\/types\/post"}],"author":[{"embeddable":true,"href":"https:\/\/somagoldcorp.com\/es-co\/wp-json\/wp\/v2\/users\/1"}],"replies":[{"embeddable":true,"href":"https:\/\/somagoldcorp.com\/es-co\/wp-json\/wp\/v2\/comments?post=3499"}],"version-history":[{"count":0,"href":"https:\/\/somagoldcorp.com\/es-co\/wp-json\/wp\/v2\/posts\/3499\/revisions"}],"wp:featuredmedia":[{"embeddable":true,"href":"https:\/\/somagoldcorp.com\/es-co\/wp-json\/wp\/v2\/media\/3235"}],"wp:attachment":[{"href":"https:\/\/somagoldcorp.com\/es-co\/wp-json\/wp\/v2\/media?parent=3499"}],"wp:term":[{"taxonomy":"category","embeddable":true,"href":"https:\/\/somagoldcorp.com\/es-co\/wp-json\/wp\/v2\/categories?post=3499"},{"taxonomy":"post_tag","embeddable":true,"href":"https:\/\/somagoldcorp.com\/es-co\/wp-json\/wp\/v2\/tags?post=3499"}],"curies":[{"name":"wp","href":"https:\/\/api.w.org\/{rel}","templated":true}]}}